{"id":435,"date":"2026-01-13T18:42:33","date_gmt":"2026-01-13T15:42:33","guid":{"rendered":"https:\/\/bozkurtgundem.com.tr\/wp\/?p=435"},"modified":"2026-01-13T18:42:35","modified_gmt":"2026-01-13T15:42:35","slug":"lastikci-cemal-temizel-vefat-etti","status":"publish","type":"post","link":"https:\/\/bozkurtgundem.com.tr\/wp\/2026\/01\/13\/lastikci-cemal-temizel-vefat-etti\/","title":{"rendered":"(Lastik\u00e7i) Cemal Temizel vefat etti"},"content":{"rendered":"\n<p>il\u00e7emiz esnaflar\u0131ndan ( Lastik\u00e7i) Ahmet Temizel\u2019in babas\u0131 Cemal Temizel vefat etmi\u015ftir. Merhumun cenazesi Sal\u0131 g\u00fcn\u00fc \u00f6\u011fle namaz\u0131na m\u00fcteakip Merkez Camiinde k\u0131l\u0131nacak cenaze namaz\u0131n\u0131n ard\u0131ndan defnedilecektir.<\/p>\n\n\n\n<p>Merhuma Allah\u2019tan rahmet yak\u0131nlar\u0131na sab\u0131rlar dileriz.<\/p>\n\n\n\n<figure class=\"wp-block-image size-large\"><img loading=\"lazy\" decoding=\"async\" width=\"768\" height=\"1024\" src=\"https:\/\/bozkurtgundem.com.tr\/wp\/wp-content\/uploads\/2026\/01\/cemal-temizel-768x1024.jpg\" alt=\"\" class=\"wp-image-436\" srcset=\"https:\/\/bozkurtgundem.com.tr\/wp\/wp-content\/uploads\/2026\/01\/cemal-temizel-768x1024.jpg 768w, https:\/\/bozkurtgundem.com.tr\/wp\/wp-content\/uploads\/2026\/01\/cemal-temizel-225x300.jpg 225w, https:\/\/bozkurtgundem.com.tr\/wp\/wp-content\/uploads\/2026\/01\/cemal-temizel.jpg 1069w\" sizes=\"auto, (max-width: 768px) 100vw, 768px\" \/><\/figure>\n","protected":false},"excerpt":{"rendered":"<p>il\u00e7emiz esnaflar\u0131ndan ( Lastik\u00e7i) Ahmet Temizel\u2019in babas\u0131 Cemal Temizel vefat etmi\u015ftir. Merhumun cenazesi Sal\u0131 g\u00fcn\u00fc \u00f6\u011fle namaz\u0131na m\u00fcteakip Merkez Camiinde k\u0131l\u0131nacak cenaze namaz\u0131n\u0131n ard\u0131ndan defnedilecektir. Merhuma Allah\u2019tan rahmet yak\u0131nlar\u0131na sab\u0131rlar dileriz.<\/p>\n","protected":false},"author":1,"featured_media":0,"comment_status":"open","ping_status":"open","sticky":false,"template":"","format":"standard","meta":{"_bbp_topic_count":0,"_bbp_reply_count":0,"_bbp_total_topic_count":0,"_bbp_total_reply_count":0,"_bbp_voice_count":0,"_bbp_anonymous_reply_count":0,"_bbp_topic_count_hidden":0,"_bbp_reply_count_hidden":0,"_bbp_forum_subforum_count":0,"footnotes":""},"categories":[15],"tags":[],"class_list":{"0":"post-435","1":"post","2":"type-post","3":"status-publish","4":"format-standard","6":"category-gundem"},"_links":{"self":[{"href":"https:\/\/bozkurtgundem.com.tr\/wp\/wp-json\/wp\/v2\/posts\/435","targetHints":{"allow":["GET"]}}],"collection":[{"href":"https:\/\/bozkurtgundem.com.tr\/wp\/wp-json\/wp\/v2\/posts"}],"about":[{"href":"https:\/\/bozkurtgundem.com.tr\/wp\/wp-json\/wp\/v2\/types\/post"}],"author":[{"embeddable":true,"href":"https:\/\/bozkurtgundem.com.tr\/wp\/wp-json\/wp\/v2\/users\/1"}],"replies":[{"embeddable":true,"href":"https:\/\/bozkurtgundem.com.tr\/wp\/wp-json\/wp\/v2\/comments?post=435"}],"version-history":[{"count":1,"href":"https:\/\/bozkurtgundem.com.tr\/wp\/wp-json\/wp\/v2\/posts\/435\/revisions"}],"predecessor-version":[{"id":437,"href":"https:\/\/bozkurtgundem.com.tr\/wp\/wp-json\/wp\/v2\/posts\/435\/revisions\/437"}],"wp:attachment":[{"href":"https:\/\/bozkurtgundem.com.tr\/wp\/wp-json\/wp\/v2\/media?parent=435"}],"wp:term":[{"taxonomy":"category","embeddable":true,"href":"https:\/\/bozkurtgundem.com.tr\/wp\/wp-json\/wp\/v2\/categories?post=435"},{"taxonomy":"post_tag","embeddable":true,"href":"https:\/\/bozkurtgundem.com.tr\/wp\/wp-json\/wp\/v2\/tags?post=435"}],"curies":[{"name":"wp","href":"https:\/\/api.w.org\/{rel}","templated":true}]}}