{"id":209,"date":"2025-01-18T16:02:58","date_gmt":"2025-01-18T13:02:58","guid":{"rendered":"https:\/\/bozkurtgundem.com.tr\/wp\/?p=209"},"modified":"2025-01-18T16:03:00","modified_gmt":"2025-01-18T13:03:00","slug":"huseyin-inan-vefat-etti","status":"publish","type":"post","link":"https:\/\/bozkurtgundem.com.tr\/wp\/2025\/01\/18\/huseyin-inan-vefat-etti\/","title":{"rendered":"H\u00fcseyin \u0130nan Vefat Etti"},"content":{"rendered":"\n<figure class=\"wp-block-image size-full\"><img loading=\"lazy\" decoding=\"async\" width=\"494\" height=\"589\" src=\"https:\/\/bozkurtgundem.com.tr\/wp\/wp-content\/uploads\/2025\/01\/huseyin-inan-1-copy.jpg\" alt=\"\" class=\"wp-image-210\" srcset=\"https:\/\/bozkurtgundem.com.tr\/wp\/wp-content\/uploads\/2025\/01\/huseyin-inan-1-copy.jpg 494w, https:\/\/bozkurtgundem.com.tr\/wp\/wp-content\/uploads\/2025\/01\/huseyin-inan-1-copy-252x300.jpg 252w\" sizes=\"auto, (max-width: 494px) 100vw, 494px\" \/><\/figure>\n\n\n\n<p>\u0130l\u00e7emiz sakinlerinden, Gazeteci (inki\u015faf) Hasan \u0130nan\u2019\u0131n abisi, Kaptan lakab\u0131 ile tan\u0131nan H\u00fcseyin \u0130nan(75) tedavi g\u00f6rd\u00fc\u011f\u00fc Hastanede vefat etti.<\/p>\n\n\n\n<p>\u00d6zel \u00c7ank\u0131r\u0131 Karatekin Hastanesinde vefat eden H\u00fcseyin \u0130nan\u2019\u0131n cenazesi 19 Ocak 2025 Pazar g\u00fcn\u00fc (yar\u0131n) \u00f6\u011fle namaz\u0131na m\u00fcteakip Bozkurt Merkez camisinde k\u0131l\u0131nacak cenaze namaz\u0131n\u0131n ard\u0131ndan Bah\u00e7e mezarl\u0131\u011f\u0131na defnedilece\u011fi \u00f6\u011frenildi.<\/p>\n\n\n\n<p>H\u00fcseyin \u0130nan\u2019a Allah\u2019tan rahmet ailesi ve sevenlerine ba\u015fsa\u011fl\u0131\u011f\u0131 dileriz.<\/p>\n","protected":false},"excerpt":{"rendered":"<p>\u0130l\u00e7emiz sakinlerinden, Gazeteci (inki\u015faf) Hasan \u0130nan\u2019\u0131n abisi, Kaptan lakab\u0131 ile tan\u0131nan H\u00fcseyin \u0130nan(75) tedavi g\u00f6rd\u00fc\u011f\u00fc Hastanede vefat etti. \u00d6zel \u00c7ank\u0131r\u0131 Karatekin Hastanesinde vefat eden H\u00fcseyin \u0130nan\u2019\u0131n cenazesi 19 Ocak 2025 Pazar g\u00fcn\u00fc (yar\u0131n) \u00f6\u011fle namaz\u0131na m\u00fcteakip Bozkurt Merkez camisinde k\u0131l\u0131nacak cenaze namaz\u0131n\u0131n ard\u0131ndan Bah\u00e7e mezarl\u0131\u011f\u0131na defnedilece\u011fi \u00f6\u011frenildi. H\u00fcseyin \u0130nan\u2019a Allah\u2019tan rahmet ailesi ve sevenlerine ba\u015fsa\u011fl\u0131\u011f\u0131 [&hellip;]<\/p>\n","protected":false},"author":2,"featured_media":0,"comment_status":"open","ping_status":"open","sticky":false,"template":"","format":"standard","meta":{"_bbp_topic_count":0,"_bbp_reply_count":0,"_bbp_total_topic_count":0,"_bbp_total_reply_count":0,"_bbp_voice_count":0,"_bbp_anonymous_reply_count":0,"_bbp_topic_count_hidden":0,"_bbp_reply_count_hidden":0,"_bbp_forum_subforum_count":0,"footnotes":""},"categories":[15],"tags":[],"class_list":{"0":"post-209","1":"post","2":"type-post","3":"status-publish","4":"format-standard","6":"category-gundem"},"_links":{"self":[{"href":"https:\/\/bozkurtgundem.com.tr\/wp\/wp-json\/wp\/v2\/posts\/209","targetHints":{"allow":["GET"]}}],"collection":[{"href":"https:\/\/bozkurtgundem.com.tr\/wp\/wp-json\/wp\/v2\/posts"}],"about":[{"href":"https:\/\/bozkurtgundem.com.tr\/wp\/wp-json\/wp\/v2\/types\/post"}],"author":[{"embeddable":true,"href":"https:\/\/bozkurtgundem.com.tr\/wp\/wp-json\/wp\/v2\/users\/2"}],"replies":[{"embeddable":true,"href":"https:\/\/bozkurtgundem.com.tr\/wp\/wp-json\/wp\/v2\/comments?post=209"}],"version-history":[{"count":1,"href":"https:\/\/bozkurtgundem.com.tr\/wp\/wp-json\/wp\/v2\/posts\/209\/revisions"}],"predecessor-version":[{"id":211,"href":"https:\/\/bozkurtgundem.com.tr\/wp\/wp-json\/wp\/v2\/posts\/209\/revisions\/211"}],"wp:attachment":[{"href":"https:\/\/bozkurtgundem.com.tr\/wp\/wp-json\/wp\/v2\/media?parent=209"}],"wp:term":[{"taxonomy":"category","embeddable":true,"href":"https:\/\/bozkurtgundem.com.tr\/wp\/wp-json\/wp\/v2\/categories?post=209"},{"taxonomy":"post_tag","embeddable":true,"href":"https:\/\/bozkurtgundem.com.tr\/wp\/wp-json\/wp\/v2\/tags?post=209"}],"curies":[{"name":"wp","href":"https:\/\/api.w.org\/{rel}","templated":true}]}}